{"id":795,"date":"2017-03-06T16:53:03","date_gmt":"2017-03-06T15:53:03","guid":{"rendered":"http:\/\/uran-deutsch-tschechischer-erinnerungsort.info\/?p=795"},"modified":"2026-03-31T08:13:41","modified_gmt":"2026-03-31T06:13:41","slug":"kunst-und-bergbau-anno-1520","status":"publish","type":"post","link":"https:\/\/uran-deutsch-tschechischer-erinnerungsort.info\/?p=795","title":{"rendered":"Kunst und Bergbau anno 1520"},"content":{"rendered":"<p><em><strong>Die Bildtafeln des Bergaltars der Kirche St. Anna in Annaberg<br \/>\n<\/strong><\/em><\/p>\n<h2><span style=\"color: #808080;\">Quelle<\/span><\/h2>\n<p><a href=\"http:\/\/uran-deutsch-tschechischer-erinnerungsort.info\/wp-content\/uploads\/2015\/09\/Kompletter-Altar-Annaberg.jpg\"><img loading=\"lazy\" decoding=\"async\" class=\"alignnone size-large wp-image-187\" src=\"http:\/\/uran-deutsch-tschechischer-erinnerungsort.info\/wp-content\/uploads\/2015\/09\/Kompletter-Altar-Annaberg-1024x699.jpg\" alt=\"Kompletter Altar Annaberg\" width=\"1024\" height=\"699\" srcset=\"https:\/\/uran-deutsch-tschechischer-erinnerungsort.info\/wp-content\/uploads\/2015\/09\/Kompletter-Altar-Annaberg-1024x699.jpg 1024w, https:\/\/uran-deutsch-tschechischer-erinnerungsort.info\/wp-content\/uploads\/2015\/09\/Kompletter-Altar-Annaberg-300x204.jpg 300w, https:\/\/uran-deutsch-tschechischer-erinnerungsort.info\/wp-content\/uploads\/2015\/09\/Kompletter-Altar-Annaberg.jpg 1387w\" sizes=\"auto, (max-width: 1024px) 100vw, 1024px\" \/><\/a><\/p>\n<p><span style=\"color: #808080;\"><strong>M2:<\/strong> Gesamtansicht der Bildtafeln auf der R\u00fcckseite des Bergaltars der Kirche St. Anna in Annaberg, gemalt um 1520 von Hans Hesse. Quelle: Wikipedia: the free encyclopedia [online]. San Francisco (CA): Wikimedia Foundation, 2001. Link: <a style=\"color: #808080;\" href=\"https:\/\/upload.wikimedia.org\/wikipedia\/commons\/3\/3a\/Annaberger-Bergaltar2.jpg\">https:\/\/upload.wikimedia.org\/wikipedia\/commons\/3\/3a\/Annaberger-Bergaltar2.jpg<\/a> (zuletzt eingesehen am 15.09.2015).<\/span><\/p>\n<h2>Sachanalyse I \u2013 Entstehung des Bergaltars<\/h2>\n<p>Den Bergaltar der evangelischen Kirche St. Anna in Annaberg gestaltete der Maler Hans Hesse in den Jahren 1520-1522 im Stil der Sp\u00e4tgotik und Fr\u00fchrenaissance. Er zeigt detailliert viele mit dem Bergbau verbundenen T\u00e4tigkeiten und dokumentiert damit den Bergbau des Mittelalters und der Neuzeit. \u00dcber das Lebens des Malers Hans Hesse ist wenig bekannt. Man wei\u00df, dass er in N\u00fcrnberg ausgebildet wurde und sich im s\u00e4chsischen Erzgebirge aufhielt. Er wurde B\u00fcrger der Stadt Annaberg, f\u00fcr deren Kirche er die Bilder auf der R\u00fcckseite eines Seitenaltars, des sog. Bergaltars, mit Szenen aus dem Alltag der Bergleute gestaltete. Kirchliche Kunst stellt den Kern seines Schaffens dar. Sp\u00e4ter wirkte er auch in verschiedenen Orten im Nordwesten B\u00f6hmens.<\/p>\n<p>Die Arbeit der Bergleute war k\u00f6rperlich \u00fcberaus antrengend und gef\u00e4hrlich. Es war keine Seltenheit, dass Ehefauen von Bergm\u00e4nnern mehrfach verwitweten. Wassereinbr\u00fcche, Sauerstoffmangel oder Versch\u00fcttung drohte einem Bergmann t\u00e4glich. Das st\u00e4ndige Gef\u00fchl der Gefahr und der Gegenwart des Todes f\u00fchrte bei den Bergleuten zu einer besonderen Fr\u00f6mmigkeit. Deshalb unterst\u00fctzen sie den Bau und die Ausstattung von Kirchen.<\/p>\n<h2>Sachanalyse II \u2013<a title=\"Bergbautechnik anno 1520\" href=\"https:\/\/uran-deutsch-tschechischer-erinnerungsort.info\/?p=801\" target=\"_blank\" rel=\"noopener\"><span lang=\"CS\"> Was passiert in den einzelnen Bildausschnitten? <\/span><\/a><\/h2>\n<h2><span style=\"color: #00ccff;\"><strong>Arbeitsauftr\u00e4ge <\/strong><\/span><\/h2>\n<p><span style=\"color: #00ccff;\">Tipp: Die Arbeitsauftr\u00e4ge zur Gesamtansicht aller Bildtafeln der R\u00fcckseite des Bergaltars eignen sich besonders, wenn bereits die <a title=\"Bergbautechnik anno 1520\" href=\"https:\/\/uran-deutsch-tschechischer-erinnerungsort.info\/?p=801\" target=\"_blank\" rel=\"noopener\"><strong>Arbeitsauftr\u00e4ge zu den einzelnen Bildausschnitten<\/strong><\/a> bearbeitet wurden.<\/span><\/p>\n<ol>\n<li><span style=\"color: #00ccff;\">Ergr\u00fcnde, warum das Altarbild gemalt wurde und zu welchem Zweck es entstand.<\/span><\/li>\n<li><span style=\"color: #00ccff;\">Stelle Vermutungen an, wer ein solches Bild in Auftrag gegeben haben k\u00f6nnte.<\/span><\/li>\n<li><span style=\"color: #00ccff;\">Finde Gr\u00fcnde, warum Historiker gerne mit einer solchen Bildquelle arbeiten.<\/span><\/li>\n<li><span style=\"color: #00ccff;\">Vergleiche die Landschaftsdarstellung des Altarbildes mit aktuellen Landschaftsaufnahmen aus dem Erzgebirge (z.B. aus diesem Werbevideo <strong><a style=\"color: #00ccff;\" href=\"https:\/\/www.youtube.com\/watch?v=sF_qovuATZw\">https:\/\/www.youtube.com\/watch?v=sF_qovuATZw<\/a><\/strong>). Beschreibe \u00c4hnlichkeiten im Landschaftsbild und stelle einen Zusammenhang zum Bergbau her.<\/span><\/li>\n<\/ol>\n","protected":false},"excerpt":{"rendered":"<p>Die Bildtafeln des Bergaltars der Kirche St. Anna in Annaberg Quelle M2: Gesamtansicht der Bildtafeln auf der R\u00fcckseite des Bergaltars der Kirche St. Anna in Annaberg, gemalt um 1520 von Hans Hesse. Quelle: Wikipedia: the free encyclopedia [online]. San Francisco (CA): Wikimedia Foundation, 2001. Link: https:\/\/upload.wikimedia.org\/wikipedia\/commons\/3\/3a\/Annaberger-Bergaltar2.jpg (zuletzt eingesehen am 15.09.2015). Sachanalyse I \u2013 Entstehung des [&hellip;]<\/p>\n","protected":false},"author":4,"featured_media":0,"comment_status":"open","ping_status":"open","sticky":false,"template":"","format":"standard","meta":{"footnotes":""},"categories":[46,5,8,10],"tags":[],"class_list":["post-795","post","type-post","status-publish","format-standard","hentry","category-bergaltar-annaberg","category-bergbau-im-erzgebirge-de","category-bilder-de","category-aufgaben-de"],"_links":{"self":[{"href":"https:\/\/uran-deutsch-tschechischer-erinnerungsort.info\/index.php?rest_route=\/wp\/v2\/posts\/795","targetHints":{"allow":["GET"]}}],"collection":[{"href":"https:\/\/uran-deutsch-tschechischer-erinnerungsort.info\/index.php?rest_route=\/wp\/v2\/posts"}],"about":[{"href":"https:\/\/uran-deutsch-tschechischer-erinnerungsort.info\/index.php?rest_route=\/wp\/v2\/types\/post"}],"author":[{"embeddable":true,"href":"https:\/\/uran-deutsch-tschechischer-erinnerungsort.info\/index.php?rest_route=\/wp\/v2\/users\/4"}],"replies":[{"embeddable":true,"href":"https:\/\/uran-deutsch-tschechischer-erinnerungsort.info\/index.php?rest_route=%2Fwp%2Fv2%2Fcomments&post=795"}],"version-history":[{"count":9,"href":"https:\/\/uran-deutsch-tschechischer-erinnerungsort.info\/index.php?rest_route=\/wp\/v2\/posts\/795\/revisions"}],"predecessor-version":[{"id":1095,"href":"https:\/\/uran-deutsch-tschechischer-erinnerungsort.info\/index.php?rest_route=\/wp\/v2\/posts\/795\/revisions\/1095"}],"wp:attachment":[{"href":"https:\/\/uran-deutsch-tschechischer-erinnerungsort.info\/index.php?rest_route=%2Fwp%2Fv2%2Fmedia&parent=795"}],"wp:term":[{"taxonomy":"category","embeddable":true,"href":"https:\/\/uran-deutsch-tschechischer-erinnerungsort.info\/index.php?rest_route=%2Fwp%2Fv2%2Fcategories&post=795"},{"taxonomy":"post_tag","embeddable":true,"href":"https:\/\/uran-deutsch-tschechischer-erinnerungsort.info\/index.php?rest_route=%2Fwp%2Fv2%2Ftags&post=795"}],"curies":[{"name":"wp","href":"https:\/\/api.w.org\/{rel}","templated":true}]}}